
{"id":10693,"date":"2025-09-01T10:44:05","date_gmt":"2025-09-01T10:44:05","guid":{"rendered":"https:\/\/ms-gastro.srv.vocento.in\/gsr2025\/?p=10693"},"modified":"2025-09-08T11:01:18","modified_gmt":"2025-09-08T11:01:18","slug":"tradition-and-regeneration-from-6-to-8-october-at-the-27th-edition-of-gastronomika","status":"publish","type":"post","link":"https:\/\/www.grupgsr.com\/en\/tradition-and-regeneration-from-6-to-8-october-at-the-27th-edition-of-gastronomika\/","title":{"rendered":"Tradition and regeneration&#8217;, from 6 to 8 October, at the 27th edition of Gastronomika"},"content":{"rendered":"<p><strong>The next edition of San Sebastian Gastronomika &#8211; Euskadi Basque Country is already underway and will be held from 6 to 8 October at the Kursaal Conference Centre under the title &#8216;Tradition and Regeneration&#8217;. <\/strong><\/p>\n<p>&nbsp;<\/p>\n<p>It will be the 27th edition of the oldest gastronomy congress, and the four awards of the event will also be presented: the Tribute Award will go to the British chef Heston Blumenthal; the Golden Guerid\u00f3n will be shared by the Master of Wine Almudena Alberca and the oenologist Sara P\u00e9rez; the Pau Alborn\u00e0 i Torras Award for Gastronomic Journalism will go to the gastronomic critic Jos\u00e9 Carlos Capel, and the Tabernero Mayor will go to Mariano Garc\u00eda, from the Donald restaurant in Seville. Gastronomika will also host the second edition of the Congress of Taverns and Restaurateurs, the World Championship of Tripe Cooking and the National Championships of Russian Salad, T-Bone Steak and Fish Soup.<\/p>\n<p>&nbsp;<\/p>\n<p>San Sebastian Gastronomika &#8211; Euskadi Basque Country will continue to have an area dedicated to the trade fair. Companies interested in presenting their products and innovations at the conference can send their requests and queries to info@sansebastiangastronomika.com. Anyone wishing to attend the conference can register at <strong><a href=\"https:\/\/sansebastiangastronomika.com\/\" target=\"_blank\" rel=\"noopener\">www.sansebastiangastronomika.com<\/a><\/strong>.<\/p>\n<p>&nbsp;<\/p>\n<p>San Sebastian Gastronomika &#8211; Euskadi Basque Country 2025 will be dedicated to the two most powerful trends in gastronomy at the moment: the revision or return to tradition and the commitment to regeneration in order to overcome the concept of sustainability, which has become hackneyed and inadequate and has lost strength because it has been exploited without sufficient real change.<br \/>\nThe director of San Sebastian Gastronomika &#8211; Euskadi Basque Country, <strong>Benjam\u00edn Lana<\/strong>, explains that &#8216;when we talk about regeneration, we are proposing a model of active improvement of these damaged ecosystems, communities and also gastronomic cultures. We are moving from how we can avoid causing damage to how we can make a positive contribution. The idea is to see how we can all bet on a model of positive impact.<\/p>\n<p>&nbsp;<\/p>\n<p>Another important theme in this edition of Sebastian Gastronomika &#8211; Euskadi Basque Country is the sea. In recent years, the overexploitation of species has led chefs and suppliers to look for more sustainable alternatives and to increase the use of short-life fish. There has also been an increase in collaboration between chefs and artisanal fishermen to source responsibly caught products, as well as consumer interest in trying new flavours and knowing the origin of seafood. The director of the congress says: &#8220;We&#8217;re going to talk about the history and the story of the sea, we&#8217;re going to talk about exchanges and loans between Cantabrian cultures, we&#8217;re going to talk about seaweed, we&#8217;re going to talk about super blue foods and also about sustainable aquaculture. There will be room for all the restaurants, all the chefs and all the producers. We are going to put a lot of focus on the world of producers.<\/p>\n","protected":false},"excerpt":{"rendered":"<p>The next edition of San Sebastian Gastronomika &#8211; Euskadi Basque Country is already underway and will be held from 6 to 8 October at the Kursaal Conference Centre under the&#8230;<\/p>\n","protected":false},"author":6343,"featured_media":10684,"comment_status":"closed","ping_status":"closed","sticky":false,"template":"","format":"standard","meta":[],"categories":[],"tags":[],"yoast_head":"<!-- This site is optimized with the Yoast SEO plugin v19.0 - https:\/\/yoast.com\/wordpress\/plugins\/seo\/ -->\n<title>Tradition and regeneration&#039;, from 6 to 8 October, at the 27th edition of Gastronomika - GSR 2026<\/title>\n<meta name=\"robots\" content=\"index, follow, max-snippet:-1, max-image-preview:large, max-video-preview:-1\" \/>\n<link rel=\"canonical\" href=\"https:\/\/www.grupgsr.com2025\/en\/tradition-and-regeneration-from-6-to-8-october-at-the-27th-edition-of-gastronomika\/\" \/>\n<meta property=\"og:locale\" content=\"en_US\" \/>\n<meta property=\"og:type\" content=\"article\" \/>\n<meta property=\"og:title\" content=\"Tradition and regeneration&#039;, from 6 to 8 October, at the 27th edition of Gastronomika - GSR 2026\" \/>\n<meta property=\"og:description\" content=\"The next edition of San Sebastian Gastronomika &#8211; Euskadi Basque Country is already underway and will be held from 6 to 8 October at the Kursaal Conference Centre under the...\" \/>\n<meta property=\"og:url\" content=\"https:\/\/www.grupgsr.com2025\/en\/tradition-and-regeneration-from-6-to-8-october-at-the-27th-edition-of-gastronomika\/\" \/>\n<meta property=\"og:site_name\" content=\"GSR 2026\" \/>\n<meta property=\"article:published_time\" content=\"2025-09-01T10:44:05+00:00\" \/>\n<meta property=\"article:modified_time\" content=\"2025-09-08T11:01:18+00:00\" \/>\n<meta name=\"twitter:card\" content=\"summary_large_image\" \/>\n<meta name=\"twitter:image\" content=\"https:\/\/www.grupgsr.com\/wp-content\/uploads\/sites\/8\/2025\/09\/ssg25.webp\" \/>\n<meta name=\"twitter:label1\" content=\"Written by\" \/>\n\t<meta name=\"twitter:data1\" content=\"pmendez\" \/>\n\t<meta name=\"twitter:label2\" content=\"Est. reading time\" \/>\n\t<meta name=\"twitter:data2\" content=\"3 minutes\" \/>\n<script type=\"application\/ld+json\" class=\"yoast-schema-graph\">{\"@context\":\"https:\/\/schema.org\",\"@graph\":[{\"@type\":\"WebSite\",\"@id\":\"https:\/\/www.grupgsr.com\/#website\",\"url\":\"https:\/\/www.grupgsr.com\/\",\"name\":\"GSR 2026\",\"description\":\"Empresa de organizaci\u00f3n, promoci\u00f3n y comunicaci\u00f3n de la alimentaci\u00f3n, la hosteler\u00eda, la restauraci\u00f3n, la gastronom\u00eda y la enolog\u00eda.\",\"potentialAction\":[{\"@type\":\"SearchAction\",\"target\":{\"@type\":\"EntryPoint\",\"urlTemplate\":\"https:\/\/www.grupgsr.com\/?s={search_term_string}\"},\"query-input\":\"required name=search_term_string\"}],\"inLanguage\":\"en-US\"},{\"@type\":\"ImageObject\",\"inLanguage\":\"en-US\",\"@id\":\"https:\/\/ms-gastro.srv.vocento.in\/gsr2025\/en\/tradition-and-regeneration-from-6-to-8-october-at-the-27th-edition-of-gastronomika\/#primaryimage\",\"url\":\"\/wp-content\/uploads\/sites\/8\/2025\/09\/ssg25.webp\",\"contentUrl\":\"\/wp-content\/uploads\/sites\/8\/2025\/09\/ssg25.webp\",\"width\":1200,\"height\":600},{\"@type\":\"WebPage\",\"@id\":\"https:\/\/ms-gastro.srv.vocento.in\/gsr2025\/en\/tradition-and-regeneration-from-6-to-8-october-at-the-27th-edition-of-gastronomika\/#webpage\",\"url\":\"https:\/\/ms-gastro.srv.vocento.in\/gsr2025\/en\/tradition-and-regeneration-from-6-to-8-october-at-the-27th-edition-of-gastronomika\/\",\"name\":\"Tradition and regeneration', from 6 to 8 October, at the 27th edition of Gastronomika - GSR 2026\",\"isPartOf\":{\"@id\":\"https:\/\/www.grupgsr.com\/#website\"},\"primaryImageOfPage\":{\"@id\":\"https:\/\/ms-gastro.srv.vocento.in\/gsr2025\/en\/tradition-and-regeneration-from-6-to-8-october-at-the-27th-edition-of-gastronomika\/#primaryimage\"},\"datePublished\":\"2025-09-01T10:44:05+00:00\",\"dateModified\":\"2025-09-08T11:01:18+00:00\",\"author\":{\"@id\":\"https:\/\/www.grupgsr.com\/#\/schema\/person\/6fc6f20675d31fd058d3c1b0a5ca3250\"},\"breadcrumb\":{\"@id\":\"https:\/\/ms-gastro.srv.vocento.in\/gsr2025\/en\/tradition-and-regeneration-from-6-to-8-october-at-the-27th-edition-of-gastronomika\/#breadcrumb\"},\"inLanguage\":\"en-US\",\"potentialAction\":[{\"@type\":\"ReadAction\",\"target\":[\"https:\/\/ms-gastro.srv.vocento.in\/gsr2025\/en\/tradition-and-regeneration-from-6-to-8-october-at-the-27th-edition-of-gastronomika\/\"]}]},{\"@type\":\"BreadcrumbList\",\"@id\":\"https:\/\/ms-gastro.srv.vocento.in\/gsr2025\/en\/tradition-and-regeneration-from-6-to-8-october-at-the-27th-edition-of-gastronomika\/#breadcrumb\",\"itemListElement\":[{\"@type\":\"ListItem\",\"position\":1,\"name\":\"Home\",\"item\":\"https:\/\/ms-gastro.srv.vocento.in\/gsr2025\/en\/\"},{\"@type\":\"ListItem\",\"position\":2,\"name\":\"Tradition and regeneration&#8217;, from 6 to 8 October, at the 27th edition of Gastronomika\"}]},{\"@type\":\"Person\",\"@id\":\"https:\/\/www.grupgsr.com\/#\/schema\/person\/6fc6f20675d31fd058d3c1b0a5ca3250\",\"name\":\"pmendez\",\"url\":\"https:\/\/www.grupgsr.com\/en\/author\/pmendez\/\"}]}<\/script>\n<!-- \/ Yoast SEO plugin. -->","yoast_head_json":{"title":"Tradition and regeneration', from 6 to 8 October, at the 27th edition of Gastronomika - GSR 2026","robots":{"index":"index","follow":"follow","max-snippet":"max-snippet:-1","max-image-preview":"max-image-preview:large","max-video-preview":"max-video-preview:-1"},"canonical":"https:\/\/www.grupgsr.com2025\/en\/tradition-and-regeneration-from-6-to-8-october-at-the-27th-edition-of-gastronomika\/","og_locale":"en_US","og_type":"article","og_title":"Tradition and regeneration', from 6 to 8 October, at the 27th edition of Gastronomika - GSR 2026","og_description":"The next edition of San Sebastian Gastronomika &#8211; Euskadi Basque Country is already underway and will be held from 6 to 8 October at the Kursaal Conference Centre under the...","og_url":"https:\/\/www.grupgsr.com2025\/en\/tradition-and-regeneration-from-6-to-8-october-at-the-27th-edition-of-gastronomika\/","og_site_name":"GSR 2026","article_published_time":"2025-09-01T10:44:05+00:00","article_modified_time":"2025-09-08T11:01:18+00:00","twitter_card":"summary_large_image","twitter_image":"https:\/\/www.grupgsr.com\/wp-content\/uploads\/sites\/8\/2025\/09\/ssg25.webp","twitter_misc":{"Written by":"pmendez","Est. reading time":"3 minutes"},"schema":{"@context":"https:\/\/schema.org","@graph":[{"@type":"WebSite","@id":"https:\/\/www.grupgsr.com\/#website","url":"https:\/\/www.grupgsr.com\/","name":"GSR 2026","description":"Empresa de organizaci\u00f3n, promoci\u00f3n y comunicaci\u00f3n de la alimentaci\u00f3n, la hosteler\u00eda, la restauraci\u00f3n, la gastronom\u00eda y la enolog\u00eda.","potentialAction":[{"@type":"SearchAction","target":{"@type":"EntryPoint","urlTemplate":"https:\/\/www.grupgsr.com\/?s={search_term_string}"},"query-input":"required name=search_term_string"}],"inLanguage":"en-US"},{"@type":"ImageObject","inLanguage":"en-US","@id":"https:\/\/ms-gastro.srv.vocento.in\/gsr2025\/en\/tradition-and-regeneration-from-6-to-8-october-at-the-27th-edition-of-gastronomika\/#primaryimage","url":"\/wp-content\/uploads\/sites\/8\/2025\/09\/ssg25.webp","contentUrl":"\/wp-content\/uploads\/sites\/8\/2025\/09\/ssg25.webp","width":1200,"height":600},{"@type":"WebPage","@id":"https:\/\/ms-gastro.srv.vocento.in\/gsr2025\/en\/tradition-and-regeneration-from-6-to-8-october-at-the-27th-edition-of-gastronomika\/#webpage","url":"https:\/\/ms-gastro.srv.vocento.in\/gsr2025\/en\/tradition-and-regeneration-from-6-to-8-october-at-the-27th-edition-of-gastronomika\/","name":"Tradition and regeneration', from 6 to 8 October, at the 27th edition of Gastronomika - GSR 2026","isPartOf":{"@id":"https:\/\/www.grupgsr.com\/#website"},"primaryImageOfPage":{"@id":"https:\/\/ms-gastro.srv.vocento.in\/gsr2025\/en\/tradition-and-regeneration-from-6-to-8-october-at-the-27th-edition-of-gastronomika\/#primaryimage"},"datePublished":"2025-09-01T10:44:05+00:00","dateModified":"2025-09-08T11:01:18+00:00","author":{"@id":"https:\/\/www.grupgsr.com\/#\/schema\/person\/6fc6f20675d31fd058d3c1b0a5ca3250"},"breadcrumb":{"@id":"https:\/\/ms-gastro.srv.vocento.in\/gsr2025\/en\/tradition-and-regeneration-from-6-to-8-october-at-the-27th-edition-of-gastronomika\/#breadcrumb"},"inLanguage":"en-US","potentialAction":[{"@type":"ReadAction","target":["https:\/\/ms-gastro.srv.vocento.in\/gsr2025\/en\/tradition-and-regeneration-from-6-to-8-october-at-the-27th-edition-of-gastronomika\/"]}]},{"@type":"BreadcrumbList","@id":"https:\/\/ms-gastro.srv.vocento.in\/gsr2025\/en\/tradition-and-regeneration-from-6-to-8-october-at-the-27th-edition-of-gastronomika\/#breadcrumb","itemListElement":[{"@type":"ListItem","position":1,"name":"Home","item":"https:\/\/ms-gastro.srv.vocento.in\/gsr2025\/en\/"},{"@type":"ListItem","position":2,"name":"Tradition and regeneration&#8217;, from 6 to 8 October, at the 27th edition of Gastronomika"}]},{"@type":"Person","@id":"https:\/\/www.grupgsr.com\/#\/schema\/person\/6fc6f20675d31fd058d3c1b0a5ca3250","name":"pmendez","url":"https:\/\/www.grupgsr.com\/en\/author\/pmendez\/"}]}},"_links":{"self":[{"href":"https:\/\/www.grupgsr.com\/en\/wp-json\/wp\/v2\/posts\/10693"}],"collection":[{"href":"https:\/\/www.grupgsr.com\/en\/wp-json\/wp\/v2\/posts"}],"about":[{"href":"https:\/\/www.grupgsr.com\/en\/wp-json\/wp\/v2\/types\/post"}],"author":[{"embeddable":true,"href":"https:\/\/www.grupgsr.com\/en\/wp-json\/wp\/v2\/users\/6343"}],"replies":[{"embeddable":true,"href":"https:\/\/www.grupgsr.com\/en\/wp-json\/wp\/v2\/comments?post=10693"}],"version-history":[{"count":2,"href":"https:\/\/www.grupgsr.com\/en\/wp-json\/wp\/v2\/posts\/10693\/revisions"}],"predecessor-version":[{"id":10695,"href":"https:\/\/www.grupgsr.com\/en\/wp-json\/wp\/v2\/posts\/10693\/revisions\/10695"}],"wp:featuredmedia":[{"embeddable":true,"href":"https:\/\/www.grupgsr.com\/en\/wp-json\/wp\/v2\/media\/10684"}],"wp:attachment":[{"href":"https:\/\/www.grupgsr.com\/en\/wp-json\/wp\/v2\/media?parent=10693"}],"wp:term":[{"taxonomy":"category","embeddable":true,"href":"https:\/\/www.grupgsr.com\/en\/wp-json\/wp\/v2\/categories?post=10693"},{"taxonomy":"post_tag","embeddable":true,"href":"https:\/\/www.grupgsr.com\/en\/wp-json\/wp\/v2\/tags?post=10693"}],"curies":[{"name":"wp","href":"https:\/\/api.w.org\/{rel}","templated":true}]}}