
{"id":10546,"date":"2023-06-15T10:28:33","date_gmt":"2023-06-15T10:28:33","guid":{"rendered":"https:\/\/ms-gastro.srv.vocento.in\/gsr2025\/?p=10546"},"modified":"2025-09-12T09:09:19","modified_gmt":"2025-09-12T09:09:19","slug":"elbulli-1846-welcomed-its-first-visitors-after-officially-opening-to-the-public","status":"publish","type":"post","link":"https:\/\/www.grupgsr.com\/en\/elbulli-1846-welcomed-its-first-visitors-after-officially-opening-to-the-public\/","title":{"rendered":"elBulli 1846 welcomed its first visitors after officially opening to the public"},"content":{"rendered":"<p><strong>On this date, elBulli1846 opened its doors in Cala Montjoi for the first time, setting a new standard for gastronomy and innovation.<\/strong><\/p>\n<p>&nbsp;<\/p>\n<p>The museum was created to preserve the legacy of <strong>elBulli<\/strong>, share the knowledge accumulated over decades, and continue to inspire new generations through creativity and research.<br \/>\nPrior to the official opening, more than six hundred Bullinians, former members of the restaurant&#8217;s team, travelled from countries such as <strong>Mexico, Venezuela, Italy, Portugal and Belgium<\/strong> to reconnect with the spirit of elBulli and catch a glimpse of <strong>Ferran Adri\u00e0<\/strong> and the <strong>elBullifoundation&#8217;s<\/strong> new project. This event marked the start of the 2023 season, which will run until 16 September.<\/p>\n<p>&nbsp;<\/p>\n<p>Spanning more than <strong>4,000 m\u00b2 and featuring 69 artistic, conceptual and audiovisual installations<\/strong>, elBulli1846 offers visitors a unique journey through the history of one of the world&#8217;s most influential restaurants. Visitors can experience a complete service in the original dining room, explore <strong>28 iconic dishes recreated in detail<\/strong>, enter the kitchen where the restaurant&#8217;s final 1,846 creations were conceived and discover how disciplines such as art and travel \u2014 particularly <strong>Ferran Adri\u00e0&#8217;s trip to Japan<\/strong> \u2014 inspired his creativity.<\/p>\n<p>&nbsp;<\/p>\n<p>The space also invites visitors to reflect on essential questions: What does it mean to create? How did cooking begin? What processes are involved in gastronomic restoration? These questions accompany a journey that looks not only to the past, but also to the future, with projects such as <strong>elBulliDNA<\/strong> and <strong>Bullipedia<\/strong> designed to continue fostering knowledge and innovation.<\/p>\n<p>&nbsp;<\/p>\n<p><strong>\u201cElBulli1846 will enable visitors to grasp what made elBulli unique, and to experience the emotions that were felt here,\u201d<\/strong> says Ferran Adri\u00e0. The first visitors shared this sentiment, highlighting the fidelity with which the historical material has been preserved and the opportunity to enter a legendary gastronomic establishment.<\/p>\n<p>&nbsp;<\/p>\n<p>Designed to be a living space, the museum combines the preservation of the former <strong>elBulli restaurant&#8217;s<\/strong> historic building with new facilities that blend into the Cap de Creus landscape, such as the rock that houses elBulliDNA. Additionally, a minibus service from Roses promotes sustainable access and reduces the environmental impact of visits.<\/p>\n<p>&nbsp;<\/p>\n<p>Tickets to visit the museum are available on the <a href=\"https:\/\/elbullifoundation.com\/\" target=\"_blank\" rel=\"noopener\">elBullifoundation<\/a> website.<\/p>\n","protected":false},"excerpt":{"rendered":"<p>On this date, elBulli1846 opened its doors in Cala Montjoi for the first time, setting a new standard for gastronomy and innovation. &nbsp; The museum was created to preserve the&#8230;<\/p>\n","protected":false},"author":6343,"featured_media":10531,"comment_status":"closed","ping_status":"closed","sticky":false,"template":"","format":"standard","meta":[],"categories":[235,234,292,301],"tags":[],"yoast_head":"<!-- This site is optimized with the Yoast SEO plugin v19.0 - https:\/\/yoast.com\/wordpress\/plugins\/seo\/ -->\n<title>elBulli 1846 welcomed its first visitors after officially opening to the public - GSR 2026<\/title>\n<meta name=\"robots\" content=\"index, follow, max-snippet:-1, max-image-preview:large, max-video-preview:-1\" \/>\n<link rel=\"canonical\" href=\"https:\/\/www.grupgsr.com2025\/en\/elbulli-1846-welcomed-its-first-visitors-after-officially-opening-to-the-public\/\" \/>\n<meta property=\"og:locale\" content=\"en_US\" \/>\n<meta property=\"og:type\" content=\"article\" \/>\n<meta property=\"og:title\" content=\"elBulli 1846 welcomed its first visitors after officially opening to the public - GSR 2026\" \/>\n<meta property=\"og:description\" content=\"On this date, elBulli1846 opened its doors in Cala Montjoi for the first time, setting a new standard for gastronomy and innovation. &nbsp; The museum was created to preserve the...\" \/>\n<meta property=\"og:url\" content=\"https:\/\/www.grupgsr.com2025\/en\/elbulli-1846-welcomed-its-first-visitors-after-officially-opening-to-the-public\/\" \/>\n<meta property=\"og:site_name\" content=\"GSR 2026\" \/>\n<meta property=\"article:published_time\" content=\"2023-06-15T10:28:33+00:00\" \/>\n<meta property=\"article:modified_time\" content=\"2025-09-12T09:09:19+00:00\" \/>\n<meta name=\"twitter:card\" content=\"summary_large_image\" \/>\n<meta name=\"twitter:image\" content=\"https:\/\/www.grupgsr.com\/wp-content\/uploads\/sites\/8\/2025\/09\/elBulli_ferran.webp\" \/>\n<meta name=\"twitter:label1\" content=\"Written by\" \/>\n\t<meta name=\"twitter:data1\" content=\"pmendez\" \/>\n\t<meta name=\"twitter:label2\" content=\"Est. reading time\" \/>\n\t<meta name=\"twitter:data2\" content=\"2 minutes\" \/>\n<script type=\"application\/ld+json\" class=\"yoast-schema-graph\">{\"@context\":\"https:\/\/schema.org\",\"@graph\":[{\"@type\":\"WebSite\",\"@id\":\"https:\/\/www.grupgsr.com\/#website\",\"url\":\"https:\/\/www.grupgsr.com\/\",\"name\":\"GSR 2026\",\"description\":\"Empresa de organizaci\u00f3n, promoci\u00f3n y comunicaci\u00f3n de la alimentaci\u00f3n, la hosteler\u00eda, la restauraci\u00f3n, la gastronom\u00eda y la enolog\u00eda.\",\"potentialAction\":[{\"@type\":\"SearchAction\",\"target\":{\"@type\":\"EntryPoint\",\"urlTemplate\":\"https:\/\/www.grupgsr.com\/?s={search_term_string}\"},\"query-input\":\"required name=search_term_string\"}],\"inLanguage\":\"en-US\"},{\"@type\":\"ImageObject\",\"inLanguage\":\"en-US\",\"@id\":\"https:\/\/ms-gastro.srv.vocento.in\/gsr2025\/en\/elbulli-1846-welcomed-its-first-visitors-after-officially-opening-to-the-public\/#primaryimage\",\"url\":\"\/wp-content\/uploads\/sites\/8\/2025\/09\/elBulli_ferran.webp\",\"contentUrl\":\"\/wp-content\/uploads\/sites\/8\/2025\/09\/elBulli_ferran.webp\",\"width\":2500,\"height\":1671,\"caption\":\"Ferran Adri\u00e0\"},{\"@type\":\"WebPage\",\"@id\":\"https:\/\/ms-gastro.srv.vocento.in\/gsr2025\/en\/elbulli-1846-welcomed-its-first-visitors-after-officially-opening-to-the-public\/#webpage\",\"url\":\"https:\/\/ms-gastro.srv.vocento.in\/gsr2025\/en\/elbulli-1846-welcomed-its-first-visitors-after-officially-opening-to-the-public\/\",\"name\":\"elBulli 1846 welcomed its first visitors after officially opening to the public - GSR 2026\",\"isPartOf\":{\"@id\":\"https:\/\/www.grupgsr.com\/#website\"},\"primaryImageOfPage\":{\"@id\":\"https:\/\/ms-gastro.srv.vocento.in\/gsr2025\/en\/elbulli-1846-welcomed-its-first-visitors-after-officially-opening-to-the-public\/#primaryimage\"},\"datePublished\":\"2023-06-15T10:28:33+00:00\",\"dateModified\":\"2025-09-12T09:09:19+00:00\",\"author\":{\"@id\":\"https:\/\/www.grupgsr.com\/#\/schema\/person\/6fc6f20675d31fd058d3c1b0a5ca3250\"},\"breadcrumb\":{\"@id\":\"https:\/\/ms-gastro.srv.vocento.in\/gsr2025\/en\/elbulli-1846-welcomed-its-first-visitors-after-officially-opening-to-the-public\/#breadcrumb\"},\"inLanguage\":\"en-US\",\"potentialAction\":[{\"@type\":\"ReadAction\",\"target\":[\"https:\/\/ms-gastro.srv.vocento.in\/gsr2025\/en\/elbulli-1846-welcomed-its-first-visitors-after-officially-opening-to-the-public\/\"]}]},{\"@type\":\"BreadcrumbList\",\"@id\":\"https:\/\/ms-gastro.srv.vocento.in\/gsr2025\/en\/elbulli-1846-welcomed-its-first-visitors-after-officially-opening-to-the-public\/#breadcrumb\",\"itemListElement\":[{\"@type\":\"ListItem\",\"position\":1,\"name\":\"Home\",\"item\":\"https:\/\/ms-gastro.srv.vocento.in\/gsr2025\/en\/\"},{\"@type\":\"ListItem\",\"position\":2,\"name\":\"elBulli 1846 welcomed its first visitors after officially opening to the public\"}]},{\"@type\":\"Person\",\"@id\":\"https:\/\/www.grupgsr.com\/#\/schema\/person\/6fc6f20675d31fd058d3c1b0a5ca3250\",\"name\":\"pmendez\",\"url\":\"https:\/\/www.grupgsr.com\/en\/author\/pmendez\/\"}]}<\/script>\n<!-- \/ Yoast SEO plugin. -->","yoast_head_json":{"title":"elBulli 1846 welcomed its first visitors after officially opening to the public - GSR 2026","robots":{"index":"index","follow":"follow","max-snippet":"max-snippet:-1","max-image-preview":"max-image-preview:large","max-video-preview":"max-video-preview:-1"},"canonical":"https:\/\/www.grupgsr.com2025\/en\/elbulli-1846-welcomed-its-first-visitors-after-officially-opening-to-the-public\/","og_locale":"en_US","og_type":"article","og_title":"elBulli 1846 welcomed its first visitors after officially opening to the public - GSR 2026","og_description":"On this date, elBulli1846 opened its doors in Cala Montjoi for the first time, setting a new standard for gastronomy and innovation. &nbsp; The museum was created to preserve the...","og_url":"https:\/\/www.grupgsr.com2025\/en\/elbulli-1846-welcomed-its-first-visitors-after-officially-opening-to-the-public\/","og_site_name":"GSR 2026","article_published_time":"2023-06-15T10:28:33+00:00","article_modified_time":"2025-09-12T09:09:19+00:00","twitter_card":"summary_large_image","twitter_image":"https:\/\/www.grupgsr.com\/wp-content\/uploads\/sites\/8\/2025\/09\/elBulli_ferran.webp","twitter_misc":{"Written by":"pmendez","Est. reading time":"2 minutes"},"schema":{"@context":"https:\/\/schema.org","@graph":[{"@type":"WebSite","@id":"https:\/\/www.grupgsr.com\/#website","url":"https:\/\/www.grupgsr.com\/","name":"GSR 2026","description":"Empresa de organizaci\u00f3n, promoci\u00f3n y comunicaci\u00f3n de la alimentaci\u00f3n, la hosteler\u00eda, la restauraci\u00f3n, la gastronom\u00eda y la enolog\u00eda.","potentialAction":[{"@type":"SearchAction","target":{"@type":"EntryPoint","urlTemplate":"https:\/\/www.grupgsr.com\/?s={search_term_string}"},"query-input":"required name=search_term_string"}],"inLanguage":"en-US"},{"@type":"ImageObject","inLanguage":"en-US","@id":"https:\/\/ms-gastro.srv.vocento.in\/gsr2025\/en\/elbulli-1846-welcomed-its-first-visitors-after-officially-opening-to-the-public\/#primaryimage","url":"\/wp-content\/uploads\/sites\/8\/2025\/09\/elBulli_ferran.webp","contentUrl":"\/wp-content\/uploads\/sites\/8\/2025\/09\/elBulli_ferran.webp","width":2500,"height":1671,"caption":"Ferran Adri\u00e0"},{"@type":"WebPage","@id":"https:\/\/ms-gastro.srv.vocento.in\/gsr2025\/en\/elbulli-1846-welcomed-its-first-visitors-after-officially-opening-to-the-public\/#webpage","url":"https:\/\/ms-gastro.srv.vocento.in\/gsr2025\/en\/elbulli-1846-welcomed-its-first-visitors-after-officially-opening-to-the-public\/","name":"elBulli 1846 welcomed its first visitors after officially opening to the public - GSR 2026","isPartOf":{"@id":"https:\/\/www.grupgsr.com\/#website"},"primaryImageOfPage":{"@id":"https:\/\/ms-gastro.srv.vocento.in\/gsr2025\/en\/elbulli-1846-welcomed-its-first-visitors-after-officially-opening-to-the-public\/#primaryimage"},"datePublished":"2023-06-15T10:28:33+00:00","dateModified":"2025-09-12T09:09:19+00:00","author":{"@id":"https:\/\/www.grupgsr.com\/#\/schema\/person\/6fc6f20675d31fd058d3c1b0a5ca3250"},"breadcrumb":{"@id":"https:\/\/ms-gastro.srv.vocento.in\/gsr2025\/en\/elbulli-1846-welcomed-its-first-visitors-after-officially-opening-to-the-public\/#breadcrumb"},"inLanguage":"en-US","potentialAction":[{"@type":"ReadAction","target":["https:\/\/ms-gastro.srv.vocento.in\/gsr2025\/en\/elbulli-1846-welcomed-its-first-visitors-after-officially-opening-to-the-public\/"]}]},{"@type":"BreadcrumbList","@id":"https:\/\/ms-gastro.srv.vocento.in\/gsr2025\/en\/elbulli-1846-welcomed-its-first-visitors-after-officially-opening-to-the-public\/#breadcrumb","itemListElement":[{"@type":"ListItem","position":1,"name":"Home","item":"https:\/\/ms-gastro.srv.vocento.in\/gsr2025\/en\/"},{"@type":"ListItem","position":2,"name":"elBulli 1846 welcomed its first visitors after officially opening to the public"}]},{"@type":"Person","@id":"https:\/\/www.grupgsr.com\/#\/schema\/person\/6fc6f20675d31fd058d3c1b0a5ca3250","name":"pmendez","url":"https:\/\/www.grupgsr.com\/en\/author\/pmendez\/"}]}},"_links":{"self":[{"href":"https:\/\/www.grupgsr.com\/en\/wp-json\/wp\/v2\/posts\/10546"}],"collection":[{"href":"https:\/\/www.grupgsr.com\/en\/wp-json\/wp\/v2\/posts"}],"about":[{"href":"https:\/\/www.grupgsr.com\/en\/wp-json\/wp\/v2\/types\/post"}],"author":[{"embeddable":true,"href":"https:\/\/www.grupgsr.com\/en\/wp-json\/wp\/v2\/users\/6343"}],"replies":[{"embeddable":true,"href":"https:\/\/www.grupgsr.com\/en\/wp-json\/wp\/v2\/comments?post=10546"}],"version-history":[{"count":3,"href":"https:\/\/www.grupgsr.com\/en\/wp-json\/wp\/v2\/posts\/10546\/revisions"}],"predecessor-version":[{"id":10549,"href":"https:\/\/www.grupgsr.com\/en\/wp-json\/wp\/v2\/posts\/10546\/revisions\/10549"}],"wp:featuredmedia":[{"embeddable":true,"href":"https:\/\/www.grupgsr.com\/en\/wp-json\/wp\/v2\/media\/10531"}],"wp:attachment":[{"href":"https:\/\/www.grupgsr.com\/en\/wp-json\/wp\/v2\/media?parent=10546"}],"wp:term":[{"taxonomy":"category","embeddable":true,"href":"https:\/\/www.grupgsr.com\/en\/wp-json\/wp\/v2\/categories?post=10546"},{"taxonomy":"post_tag","embeddable":true,"href":"https:\/\/www.grupgsr.com\/en\/wp-json\/wp\/v2\/tags?post=10546"}],"curies":[{"name":"wp","href":"https:\/\/api.w.org\/{rel}","templated":true}]}}