
{"id":10619,"date":"2025-04-22T09:46:11","date_gmt":"2025-04-22T09:46:11","guid":{"rendered":"https:\/\/ms-gastro.srv.vocento.in\/gsr2025\/?p=10619"},"modified":"2025-09-15T08:09:32","modified_gmt":"2025-09-15T08:09:32","slug":"balfego-inaugura-les-instal%c2%b7lacions-mes-avancades-del-mon-dedicades-a-la-tonyina","status":"publish","type":"post","link":"https:\/\/www.grupgsr.com\/ca\/balfego-inaugura-les-instal%c2%b7lacions-mes-avancades-del-mon-dedicades-a-la-tonyina\/","title":{"rendered":"Balfeg\u00f3 inaugura les instal\u00b7lacions m\u00e9s avan\u00e7ades del m\u00f3n dedicades a la tonyina"},"content":{"rendered":"<p><strong>Balfeg\u00f3 Grup, l\u00edder mundial en pesca, aq\u00fcicultura i comercialitzaci\u00f3 de tonyina roja, ha inaugurat el 22 d\u2019abril de 2025 les seves noves instal\u00b7lacions a l\u2019Ametlla de Mar, despr\u00e9s d\u2019una inversi\u00f3 de 35 milions d\u2019euros. Aquest complex de 12.000 metres quadrats substitueix l\u2019anterior, destru\u00eft per un incendi el 2018, i es consolida com la planta de processament de tonyina roja m\u00e9s avan\u00e7ada del m\u00f3n.<\/strong><\/p>\n<p>&nbsp;<\/p>\n<p>Amb aquestes noves instal\u00b7lacions, Balfeg\u00f3 no nom\u00e9s duplica la seva capacitat de processament, sin\u00f3 que tamb\u00e9 amplia la seva oferta de productes i elaborats, incloent-hi carpaccio, sakus o t\u00e0rtar, per al mercat professional i de gran consum. Equipades amb tecnologia d\u2019\u00faltima generaci\u00f3, les instal\u00b7lacions permeten automatitzar processos, maximitzar l\u2019efici\u00e8ncia, reduir consums i garantir un producte de m\u00e0xima qualitat, segell distintiu de la marca.<\/p>\n<p>&nbsp;<\/p>\n<p>La companyia preveu tancar l\u2019exercici 2024 el 30 d\u2019abril amb una facturaci\u00f3 de 107,6 milions d\u2019euros i 335 professionals, consolidant un creixement que, amb l\u2019obertura del nou complex, s\u2019estima al voltant del 15% en recursos humans. L\u2019espai acull zones de desfer, filetejat, congelaci\u00f3 i conservaci\u00f3, empaquetat, log\u00edstica i distribuci\u00f3, juntament amb les oficines i el renovat centre d\u2019experimentaci\u00f3 gastron\u00f2mica, amb m\u00e9s dimensions i projecci\u00f3 exterior que l\u2019anterior.<\/p>\n<p>&nbsp;<\/p>\n<p><strong>Comprom\u00eds mediambiental i social<\/strong><br \/>\nLes noves instal\u00b7lacions reforcen el comprom\u00eds de Balfeg\u00f3 amb la sostenibilitat ambiental i social, integrant criteris d\u2019efici\u00e8ncia energ\u00e8tica, \u00fas d\u2019energies renovables, optimitzaci\u00f3 de recursos h\u00eddrics i sistemes de control ambiental. La companyia, primera del sector pesquer espanyol a obtenir la certificaci\u00f3 B Corp el 2024, ha iniciat el proc\u00e9s per certificar la planta sota l\u2019est\u00e0ndard internacional d\u2019edificaci\u00f3 sostenible BREEAM, amb l\u2019objectiu d\u2019assolir la seva m\u00e0xima qualificaci\u00f3. Tot aix\u00f2 forma part del comprom\u00eds de Balfeg\u00f3 de reduir la seva petjada de carboni en un 46% per al 2030.<\/p>\n<p>&nbsp;<\/p>\n<p>Segons <strong>Juan Serrano<\/strong>, CEO de Balfeg\u00f3: <em>\u201cLa nostra nova seu marca un abans i un despr\u00e9s en la producci\u00f3 i transformaci\u00f3 de la tonyina roja. Comptem amb instal\u00b7lacions m\u00e9s segures i vers\u00e0tils que ens permetran unir ci\u00e8ncia, gastronomia i tecnologia per abastir les cuines de m\u00e9s de 45 pa\u00efsos on som presents\u201d.<\/em><\/p>\n<p>&nbsp;<\/p>\n<p><strong>Centre d\u2019experimentaci\u00f3 gastron\u00f2mica<\/strong><br \/>\nEl complex inclou un centre d\u2019experimentaci\u00f3 gastron\u00f2mica, concebut com un laboratori culinari per a cuiners, investigadors i professionals de la restauraci\u00f3. Aquest espai permet desenvolupar noves t\u00e8cniques, receptes i aplicacions entorn de la tonyina roja, a m\u00e9s de fomentar la col\u00b7laboraci\u00f3 amb escoles de cuina, centres d\u2019R+D i cuiners emergents a nivell nacional i internacional.<br \/>\nGr\u00e0cies a aquesta ampliaci\u00f3, Balfeg\u00f3 pot incrementar la capacitat de les seves trobades gastron\u00f2miques i refor\u00e7ar el paper del centre d\u2019experimentaci\u00f3 com a eix de formaci\u00f3 i innovaci\u00f3 culin\u00e0ria, en l\u00ednia amb altres iniciatives de la companyia com la <strong>Tunateca Balfeg\u00f3<\/strong> a Barcelona, el concurs internacional <strong>Chef Balfeg\u00f3<\/strong>, el campionat professional de sushi <strong>ITAMAE Balfeg\u00f3<\/strong>, o la beca <strong>Balfeg\u00f3WTalent<\/strong> per a joves aspirants a cuiner.<\/p>\n<p>&nbsp;<\/p>\n<p>Juan Serrano afegeix: <em>\u201cEstem fent un pas molt important per contribuir a una economia m\u00e9s \u00e8tica, inclusiva i sostenible. Volem que la nostra activitat impacti positivament en les persones, en l\u2019entorn i en la nostra comunitat. Amb aquestes instal\u00b7lacions contribu\u00efm a millorar el teixit socioecon\u00f2mic de la nostra comarca, Tarragona i del nostre sector\u201d.<\/em><\/p>\n<p>&nbsp;<\/p>\n<p><strong>Sobre Balfeg\u00f3<\/strong><br \/>\nBalfeg\u00f3 \u00e9s una gran fam\u00edlia de pescadors de l\u2019Ametlla de Mar, que des dels anys vuitanta va apostar per la pesca de la tonyina roja. L\u2019empresa s\u2019ha convertit en l\u00edder mundial en captura, estudi, comercialitzaci\u00f3 i divulgaci\u00f3 de la tonyina roja. Les seves tonyines salvatges viuen en piscines davant de la costa durant un any i s\u2019alimenten exclusivament de peix salvatge, essent extretes en el seu punt \u00f2ptim de greix sota demanda dels clients. Aquest m\u00e8tode garanteix un producte lliure d\u2019estr\u00e8s i d\u2019excel\u00b7l\u00e8ncia gastron\u00f2mica, present als millors restaurants del m\u00f3n.<\/p>\n","protected":false},"excerpt":{"rendered":"<p>Balfeg\u00f3 Grup, l\u00edder mundial en pesca, aq\u00fcicultura i comercialitzaci\u00f3 de tonyina roja, ha inaugurat el 22 d\u2019abril de 2025 les seves noves instal\u00b7lacions a l\u2019Ametlla de Mar, despr\u00e9s d\u2019una inversi\u00f3&#8230;<\/p>\n","protected":false},"author":6343,"featured_media":10614,"comment_status":"closed","ping_status":"closed","sticky":false,"template":"","format":"standard","meta":[],"categories":[294,303],"tags":[],"yoast_head":"<!-- This site is optimized with the Yoast SEO plugin v19.0 - https:\/\/yoast.com\/wordpress\/plugins\/seo\/ -->\n<title>Balfeg\u00f3 inaugura les instal\u00b7lacions m\u00e9s avan\u00e7ades del m\u00f3n dedicades a la tonyina - grup gsr<\/title>\n<meta name=\"robots\" content=\"index, follow, max-snippet:-1, max-image-preview:large, max-video-preview:-1\" \/>\n<link rel=\"canonical\" href=\"https:\/\/www.grupgsr.com2025\/ca\/balfego-inaugura-les-instal\u00b7lacions-mes-avancades-del-mon-dedicades-a-la-tonyina\/\" \/>\n<meta property=\"og:locale\" content=\"en_US\" \/>\n<meta property=\"og:type\" content=\"article\" \/>\n<meta property=\"og:title\" content=\"Balfeg\u00f3 inaugura les instal\u00b7lacions m\u00e9s avan\u00e7ades del m\u00f3n dedicades a la tonyina - grup gsr\" \/>\n<meta property=\"og:description\" content=\"Balfeg\u00f3 Grup, l\u00edder mundial en pesca, aq\u00fcicultura i comercialitzaci\u00f3 de tonyina roja, ha inaugurat el 22 d\u2019abril de 2025 les seves noves instal\u00b7lacions a l\u2019Ametlla de Mar, despr\u00e9s d\u2019una inversi\u00f3...\" \/>\n<meta property=\"og:url\" content=\"https:\/\/www.grupgsr.com2025\/ca\/balfego-inaugura-les-instal\u00b7lacions-mes-avancades-del-mon-dedicades-a-la-tonyina\/\" \/>\n<meta property=\"og:site_name\" content=\"grup gsr\" \/>\n<meta property=\"article:published_time\" content=\"2025-04-22T09:46:11+00:00\" \/>\n<meta property=\"article:modified_time\" content=\"2025-09-15T08:09:32+00:00\" \/>\n<meta name=\"twitter:card\" content=\"summary_large_image\" \/>\n<meta name=\"twitter:image\" content=\"https:\/\/www.grupgsr.com\/wp-content\/uploads\/sites\/8\/2025\/09\/Balfego-scaled.webp\" \/>\n<meta name=\"twitter:label1\" content=\"Written by\" \/>\n\t<meta name=\"twitter:data1\" content=\"pmendez\" \/>\n\t<meta name=\"twitter:label2\" content=\"Est. reading time\" \/>\n\t<meta name=\"twitter:data2\" content=\"3 minutes\" \/>\n<script type=\"application\/ld+json\" class=\"yoast-schema-graph\">{\"@context\":\"https:\/\/schema.org\",\"@graph\":[{\"@type\":\"WebSite\",\"@id\":\"https:\/\/www.grupgsr.com\/#website\",\"url\":\"https:\/\/www.grupgsr.com\/\",\"name\":\"grup gsr\",\"description\":\"Empresa de organizaci\u00f3n, promoci\u00f3n y comunicaci\u00f3n de la alimentaci\u00f3n, la hosteler\u00eda, la restauraci\u00f3n, la gastronom\u00eda y la enolog\u00eda.\",\"potentialAction\":[{\"@type\":\"SearchAction\",\"target\":{\"@type\":\"EntryPoint\",\"urlTemplate\":\"https:\/\/www.grupgsr.com\/?s={search_term_string}\"},\"query-input\":\"required name=search_term_string\"}],\"inLanguage\":\"ca-CA\"},{\"@type\":\"ImageObject\",\"inLanguage\":\"ca-CA\",\"@id\":\"https:\/\/ms-gastro.srv.vocento.in\/gsr2025\/ca\/balfego-inaugura-les-instal%c2%b7lacions-mes-avancades-del-mon-dedicades-a-la-tonyina\/#primaryimage\",\"url\":\"\/wp-content\/uploads\/sites\/8\/2025\/09\/Balfego-scaled.webp\",\"contentUrl\":\"\/wp-content\/uploads\/sites\/8\/2025\/09\/Balfego-scaled.webp\",\"width\":2560,\"height\":1707},{\"@type\":\"WebPage\",\"@id\":\"https:\/\/ms-gastro.srv.vocento.in\/gsr2025\/ca\/balfego-inaugura-les-instal%c2%b7lacions-mes-avancades-del-mon-dedicades-a-la-tonyina\/#webpage\",\"url\":\"https:\/\/ms-gastro.srv.vocento.in\/gsr2025\/ca\/balfego-inaugura-les-instal%c2%b7lacions-mes-avancades-del-mon-dedicades-a-la-tonyina\/\",\"name\":\"Balfeg\u00f3 inaugura les instal\u00b7lacions m\u00e9s avan\u00e7ades del m\u00f3n dedicades a la tonyina - grup gsr\",\"isPartOf\":{\"@id\":\"https:\/\/www.grupgsr.com\/#website\"},\"primaryImageOfPage\":{\"@id\":\"https:\/\/ms-gastro.srv.vocento.in\/gsr2025\/ca\/balfego-inaugura-les-instal%c2%b7lacions-mes-avancades-del-mon-dedicades-a-la-tonyina\/#primaryimage\"},\"datePublished\":\"2025-04-22T09:46:11+00:00\",\"dateModified\":\"2025-09-15T08:09:32+00:00\",\"author\":{\"@id\":\"https:\/\/www.grupgsr.com\/#\/schema\/person\/6fc6f20675d31fd058d3c1b0a5ca3250\"},\"breadcrumb\":{\"@id\":\"https:\/\/ms-gastro.srv.vocento.in\/gsr2025\/ca\/balfego-inaugura-les-instal%c2%b7lacions-mes-avancades-del-mon-dedicades-a-la-tonyina\/#breadcrumb\"},\"inLanguage\":\"ca-CA\",\"potentialAction\":[{\"@type\":\"ReadAction\",\"target\":[\"https:\/\/ms-gastro.srv.vocento.in\/gsr2025\/ca\/balfego-inaugura-les-instal%c2%b7lacions-mes-avancades-del-mon-dedicades-a-la-tonyina\/\"]}]},{\"@type\":\"BreadcrumbList\",\"@id\":\"https:\/\/ms-gastro.srv.vocento.in\/gsr2025\/ca\/balfego-inaugura-les-instal%c2%b7lacions-mes-avancades-del-mon-dedicades-a-la-tonyina\/#breadcrumb\",\"itemListElement\":[{\"@type\":\"ListItem\",\"position\":1,\"name\":\"Home\",\"item\":\"https:\/\/ms-gastro.srv.vocento.in\/gsr2025\/ca\/\"},{\"@type\":\"ListItem\",\"position\":2,\"name\":\"Balfeg\u00f3 inaugura les instal\u00b7lacions m\u00e9s avan\u00e7ades del m\u00f3n dedicades a la tonyina\"}]},{\"@type\":\"Person\",\"@id\":\"https:\/\/www.grupgsr.com\/#\/schema\/person\/6fc6f20675d31fd058d3c1b0a5ca3250\",\"name\":\"pmendez\",\"url\":\"https:\/\/www.grupgsr.com\/ca\/author\/pmendez\/\"}]}<\/script>\n<!-- \/ Yoast SEO plugin. -->","yoast_head_json":{"title":"Balfeg\u00f3 inaugura les instal\u00b7lacions m\u00e9s avan\u00e7ades del m\u00f3n dedicades a la tonyina - grup gsr","robots":{"index":"index","follow":"follow","max-snippet":"max-snippet:-1","max-image-preview":"max-image-preview:large","max-video-preview":"max-video-preview:-1"},"canonical":"https:\/\/www.grupgsr.com2025\/ca\/balfego-inaugura-les-instal\u00b7lacions-mes-avancades-del-mon-dedicades-a-la-tonyina\/","og_locale":"en_US","og_type":"article","og_title":"Balfeg\u00f3 inaugura les instal\u00b7lacions m\u00e9s avan\u00e7ades del m\u00f3n dedicades a la tonyina - grup gsr","og_description":"Balfeg\u00f3 Grup, l\u00edder mundial en pesca, aq\u00fcicultura i comercialitzaci\u00f3 de tonyina roja, ha inaugurat el 22 d\u2019abril de 2025 les seves noves instal\u00b7lacions a l\u2019Ametlla de Mar, despr\u00e9s d\u2019una inversi\u00f3...","og_url":"https:\/\/www.grupgsr.com2025\/ca\/balfego-inaugura-les-instal\u00b7lacions-mes-avancades-del-mon-dedicades-a-la-tonyina\/","og_site_name":"grup gsr","article_published_time":"2025-04-22T09:46:11+00:00","article_modified_time":"2025-09-15T08:09:32+00:00","twitter_card":"summary_large_image","twitter_image":"https:\/\/www.grupgsr.com\/wp-content\/uploads\/sites\/8\/2025\/09\/Balfego-scaled.webp","twitter_misc":{"Written by":"pmendez","Est. reading time":"3 minutes"},"schema":{"@context":"https:\/\/schema.org","@graph":[{"@type":"WebSite","@id":"https:\/\/www.grupgsr.com\/#website","url":"https:\/\/www.grupgsr.com\/","name":"grup gsr","description":"Empresa de organizaci\u00f3n, promoci\u00f3n y comunicaci\u00f3n de la alimentaci\u00f3n, la hosteler\u00eda, la restauraci\u00f3n, la gastronom\u00eda y la enolog\u00eda.","potentialAction":[{"@type":"SearchAction","target":{"@type":"EntryPoint","urlTemplate":"https:\/\/www.grupgsr.com\/?s={search_term_string}"},"query-input":"required name=search_term_string"}],"inLanguage":"ca-CA"},{"@type":"ImageObject","inLanguage":"ca-CA","@id":"https:\/\/ms-gastro.srv.vocento.in\/gsr2025\/ca\/balfego-inaugura-les-instal%c2%b7lacions-mes-avancades-del-mon-dedicades-a-la-tonyina\/#primaryimage","url":"\/wp-content\/uploads\/sites\/8\/2025\/09\/Balfego-scaled.webp","contentUrl":"\/wp-content\/uploads\/sites\/8\/2025\/09\/Balfego-scaled.webp","width":2560,"height":1707},{"@type":"WebPage","@id":"https:\/\/ms-gastro.srv.vocento.in\/gsr2025\/ca\/balfego-inaugura-les-instal%c2%b7lacions-mes-avancades-del-mon-dedicades-a-la-tonyina\/#webpage","url":"https:\/\/ms-gastro.srv.vocento.in\/gsr2025\/ca\/balfego-inaugura-les-instal%c2%b7lacions-mes-avancades-del-mon-dedicades-a-la-tonyina\/","name":"Balfeg\u00f3 inaugura les instal\u00b7lacions m\u00e9s avan\u00e7ades del m\u00f3n dedicades a la tonyina - grup gsr","isPartOf":{"@id":"https:\/\/www.grupgsr.com\/#website"},"primaryImageOfPage":{"@id":"https:\/\/ms-gastro.srv.vocento.in\/gsr2025\/ca\/balfego-inaugura-les-instal%c2%b7lacions-mes-avancades-del-mon-dedicades-a-la-tonyina\/#primaryimage"},"datePublished":"2025-04-22T09:46:11+00:00","dateModified":"2025-09-15T08:09:32+00:00","author":{"@id":"https:\/\/www.grupgsr.com\/#\/schema\/person\/6fc6f20675d31fd058d3c1b0a5ca3250"},"breadcrumb":{"@id":"https:\/\/ms-gastro.srv.vocento.in\/gsr2025\/ca\/balfego-inaugura-les-instal%c2%b7lacions-mes-avancades-del-mon-dedicades-a-la-tonyina\/#breadcrumb"},"inLanguage":"ca-CA","potentialAction":[{"@type":"ReadAction","target":["https:\/\/ms-gastro.srv.vocento.in\/gsr2025\/ca\/balfego-inaugura-les-instal%c2%b7lacions-mes-avancades-del-mon-dedicades-a-la-tonyina\/"]}]},{"@type":"BreadcrumbList","@id":"https:\/\/ms-gastro.srv.vocento.in\/gsr2025\/ca\/balfego-inaugura-les-instal%c2%b7lacions-mes-avancades-del-mon-dedicades-a-la-tonyina\/#breadcrumb","itemListElement":[{"@type":"ListItem","position":1,"name":"Home","item":"https:\/\/ms-gastro.srv.vocento.in\/gsr2025\/ca\/"},{"@type":"ListItem","position":2,"name":"Balfeg\u00f3 inaugura les instal\u00b7lacions m\u00e9s avan\u00e7ades del m\u00f3n dedicades a la tonyina"}]},{"@type":"Person","@id":"https:\/\/www.grupgsr.com\/#\/schema\/person\/6fc6f20675d31fd058d3c1b0a5ca3250","name":"pmendez","url":"https:\/\/www.grupgsr.com\/ca\/author\/pmendez\/"}]}},"_links":{"self":[{"href":"https:\/\/www.grupgsr.com\/ca\/wp-json\/wp\/v2\/posts\/10619"}],"collection":[{"href":"https:\/\/www.grupgsr.com\/ca\/wp-json\/wp\/v2\/posts"}],"about":[{"href":"https:\/\/www.grupgsr.com\/ca\/wp-json\/wp\/v2\/types\/post"}],"author":[{"embeddable":true,"href":"https:\/\/www.grupgsr.com\/ca\/wp-json\/wp\/v2\/users\/6343"}],"replies":[{"embeddable":true,"href":"https:\/\/www.grupgsr.com\/ca\/wp-json\/wp\/v2\/comments?post=10619"}],"version-history":[{"count":2,"href":"https:\/\/www.grupgsr.com\/ca\/wp-json\/wp\/v2\/posts\/10619\/revisions"}],"predecessor-version":[{"id":10621,"href":"https:\/\/www.grupgsr.com\/ca\/wp-json\/wp\/v2\/posts\/10619\/revisions\/10621"}],"wp:featuredmedia":[{"embeddable":true,"href":"https:\/\/www.grupgsr.com\/ca\/wp-json\/wp\/v2\/media\/10614"}],"wp:attachment":[{"href":"https:\/\/www.grupgsr.com\/ca\/wp-json\/wp\/v2\/media?parent=10619"}],"wp:term":[{"taxonomy":"category","embeddable":true,"href":"https:\/\/www.grupgsr.com\/ca\/wp-json\/wp\/v2\/categories?post=10619"},{"taxonomy":"post_tag","embeddable":true,"href":"https:\/\/www.grupgsr.com\/ca\/wp-json\/wp\/v2\/tags?post=10619"}],"curies":[{"name":"wp","href":"https:\/\/api.w.org\/{rel}","templated":true}]}}