
{"id":10559,"date":"2024-10-03T10:13:43","date_gmt":"2024-10-03T10:13:43","guid":{"rendered":"https:\/\/ms-gastro.srv.vocento.in\/gsr2025\/?p=10559"},"modified":"2025-09-12T09:10:36","modified_gmt":"2025-09-12T09:10:36","slug":"moments-celebra-es-seu-quinze-aniversari-al-mandarin-oriental-barcelona","status":"publish","type":"post","link":"https:\/\/www.grupgsr.com\/ca\/moments-celebra-es-seu-quinze-aniversari-al-mandarin-oriental-barcelona\/","title":{"rendered":"Moments** celebra es seu quinz\u00e8 aniversari al Mandarin Oriental, Barcelona"},"content":{"rendered":"<p><strong>Carme Ruscalleda i Ra\u00fcl Balam celebren els 15 anys de Moments al Mandarin Oriental, Barcelona, amb una proposta culin\u00e0ria excepcional: Els Moments, un men\u00fa d\u2019aniversari especial i ef\u00edmer que reuneix les creacions m\u00e9s ic\u00f2niques de la seva traject\u00f2ria. <\/strong><\/p>\n<p>&nbsp;<\/p>\n<p>Disponible fins a finals de febrer, aquest men\u00fa permet als comensals redescobrir plats emblem\u00e0tics que formen part del llegat gastron\u00f2mic i emocional d\u2019aquest t\u00e0ndem de xefs.<\/p>\n<p>&nbsp;<\/p>\n<p>L\u2019experi\u00e8ncia gastron\u00f2mica es construeix sobre pilars com la il\u00b7lusi\u00f3, l\u2019homenatge a la mem\u00f2ria culin\u00e0ria, la innovaci\u00f3 i la llibertat creativa, que representen la identitat del restaurant. La inspiraci\u00f3 art\u00edstica i cultural ha marcat durant aquests quinze anys la filosofia de<strong> Moments<\/strong>, amb refer\u00e8ncies al cinema, l\u2019\u00f2pera, els viatges, paisatges ex\u00f2tics i fins i tot les receptes llegend\u00e0ries de Gala i Dal\u00ed. Tal com afirmen els xefs: <em>\u201cAquest men\u00fa ha estat el m\u00e9s f\u00e0cil de preparar per\u00f2 el m\u00e9s dif\u00edcil de confeccionar. Hem constru\u00eft un relat que emociona\u201d.<\/em><\/p>\n<p>&nbsp;<\/p>\n<p><strong>Els Moments<\/strong> est\u00e0 compost per 13 plats, seleccionats entre els m\u00e9s destacats dels men\u00fas tem\u00e0tics creats des de 2015 fins al 2023. Entre ells hi trobem: el Macaron de foie micuit de <em>El viatge<\/em> (2015), el Caviar i ous de guatlla de <em>Les d\u00eeners de Gala<\/em> (2023), l\u2019Estudi del blat de moro de <em>Meravelles del m\u00f3n<\/em> (2021), el Bacall\u00e0, pebrot i olives de <em>Felicitat<\/em> (2021), el Poltre del Pirineu de <em>El Set\u00e8 Art<\/em> (2017), l\u2019Arr\u00f2s de gambes a la manera del Maresme de <em>Sant Pol \u2013 T\u00f2quio \u2013 Barcelona<\/em> (2018) o la Ploma Ib\u00e8rica i l\u2019olla gitana d\u2019<em>\u00d2pera<\/em> (2018). Cada plat narra un fragment del relat culinari de Moments i la seva evoluci\u00f3 al llarg d\u2019aquests 15 anys.<\/p>\n<p>&nbsp;<\/p>\n<p>Tres maridatges exclusius acompanyen la proposta: <strong>Gran Maridatge Catal\u00e0<\/strong> (vins catalans | 195 \u20ac), <strong>Gran Maridatge 2009<\/strong> (anyada 2009 de col\u00b7leccions privades | 295 \u20ac) i <strong>Els nou Ic\u00f2nics de 2009<\/strong> (viatge immersiu amb els 9 millors vins de 2009, refer\u00e8ncies \u00faniques o de col\u00b7leccions privades | 1.050 \u20ac).<\/p>\n<p>&nbsp;<\/p>\n<p>Per als xefs, oferir una experi\u00e8ncia irrepetible va m\u00e9s enll\u00e0 de la cuina:<em> \u201cSempre li hem donat molta import\u00e0ncia a l\u2019acollida, que notis que la primera persona que et rep a <strong>Moments<\/strong>, t\u2019est\u00e0 esperant. Hi ha molta bellesa en aquest projecte i tot el que toques \u00e9s important: el got, les estovalles, la carta d\u2019aniversari i les seves il\u00b7lustracions. Han de passar m\u00e9s coses m\u00e9s enll\u00e0 de saciar la gana\u201d.<\/em> A m\u00e9s, subratllen el seu comprom\u00eds amb el producte local: <em>\u201cReivindiquem el producte, el pag\u00e8s, la ramaderia i la pesca. Posem en valor les produccions i cuidem la taula i el celler. Aix\u00f2 arrodoneix la gastronomia\u201d.<\/em><\/p>\n<p><strong>Moments<\/strong> va obrir les seves portes el 2009, va obtenir la seva primera estrella Michelin el 2010 i la segona el 2013. Situat al bell mig del Passeig de Gr\u00e0cia, Mandarin Oriental, Barcelona \u00e9s un hotel 5*GL que combina luxe, benestar i una proposta gastron\u00f2mica d\u2019alt nivell, amb el restaurant Moments com la seva joia culin\u00e0ria.<\/p>\n","protected":false},"excerpt":{"rendered":"<p>Carme Ruscalleda i Ra\u00fcl Balam celebren els 15 anys de Moments al Mandarin Oriental, Barcelona, amb una proposta culin\u00e0ria excepcional: Els Moments, un men\u00fa d\u2019aniversari especial i ef\u00edmer que reuneix&#8230;<\/p>\n","protected":false},"author":6343,"featured_media":10552,"comment_status":"closed","ping_status":"closed","sticky":false,"template":"","format":"standard","meta":[],"categories":[239,294,251,116],"tags":[],"yoast_head":"<!-- This site is optimized with the Yoast SEO plugin v19.0 - https:\/\/yoast.com\/wordpress\/plugins\/seo\/ -->\n<title>Moments** celebra es seu quinz\u00e8 aniversari al Mandarin Oriental, Barcelona - grup gsr<\/title>\n<meta name=\"robots\" content=\"index, follow, max-snippet:-1, max-image-preview:large, max-video-preview:-1\" \/>\n<link rel=\"canonical\" href=\"https:\/\/www.grupgsr.com2025\/ca\/moments-celebra-es-seu-quinze-aniversari-al-mandarin-oriental-barcelona\/\" \/>\n<meta property=\"og:locale\" content=\"en_US\" \/>\n<meta property=\"og:type\" content=\"article\" \/>\n<meta property=\"og:title\" content=\"Moments** celebra es seu quinz\u00e8 aniversari al Mandarin Oriental, Barcelona - grup gsr\" \/>\n<meta property=\"og:description\" content=\"Carme Ruscalleda i Ra\u00fcl Balam celebren els 15 anys de Moments al Mandarin Oriental, Barcelona, amb una proposta culin\u00e0ria excepcional: Els Moments, un men\u00fa d\u2019aniversari especial i ef\u00edmer que reuneix...\" \/>\n<meta property=\"og:url\" content=\"https:\/\/www.grupgsr.com2025\/ca\/moments-celebra-es-seu-quinze-aniversari-al-mandarin-oriental-barcelona\/\" \/>\n<meta property=\"og:site_name\" content=\"grup gsr\" \/>\n<meta property=\"article:published_time\" content=\"2024-10-03T10:13:43+00:00\" \/>\n<meta property=\"article:modified_time\" content=\"2025-09-12T09:10:36+00:00\" \/>\n<meta property=\"og:image\" content=\"https:\/\/www.grupgsr.com\/wp-content\/uploads\/sites\/8\/2025\/09\/Mandarin.jpg\" \/>\n\t<meta property=\"og:image:width\" content=\"1200\" \/>\n\t<meta property=\"og:image:height\" content=\"900\" \/>\n\t<meta property=\"og:image:type\" content=\"image\/jpeg\" \/>\n<meta name=\"twitter:card\" content=\"summary_large_image\" \/>\n<meta name=\"twitter:label1\" content=\"Written by\" \/>\n\t<meta name=\"twitter:data1\" content=\"pmendez\" \/>\n\t<meta name=\"twitter:label2\" content=\"Est. reading time\" \/>\n\t<meta name=\"twitter:data2\" content=\"3 minutes\" \/>\n<script type=\"application\/ld+json\" class=\"yoast-schema-graph\">{\"@context\":\"https:\/\/schema.org\",\"@graph\":[{\"@type\":\"WebSite\",\"@id\":\"https:\/\/www.grupgsr.com\/#website\",\"url\":\"https:\/\/www.grupgsr.com\/\",\"name\":\"grup gsr\",\"description\":\"Empresa de organizaci\u00f3n, promoci\u00f3n y comunicaci\u00f3n de la alimentaci\u00f3n, la hosteler\u00eda, la restauraci\u00f3n, la gastronom\u00eda y la enolog\u00eda.\",\"potentialAction\":[{\"@type\":\"SearchAction\",\"target\":{\"@type\":\"EntryPoint\",\"urlTemplate\":\"https:\/\/www.grupgsr.com\/?s={search_term_string}\"},\"query-input\":\"required name=search_term_string\"}],\"inLanguage\":\"ca-CA\"},{\"@type\":\"ImageObject\",\"inLanguage\":\"ca-CA\",\"@id\":\"https:\/\/ms-gastro.srv.vocento.in\/gsr2025\/ca\/moments-celebra-es-seu-quinze-aniversari-al-mandarin-oriental-barcelona\/#primaryimage\",\"url\":\"\/wp-content\/uploads\/sites\/8\/2025\/09\/Mandarin.jpg\",\"contentUrl\":\"\/wp-content\/uploads\/sites\/8\/2025\/09\/Mandarin.jpg\",\"width\":1200,\"height\":900,\"caption\":\"Mandarin Oriental\"},{\"@type\":\"WebPage\",\"@id\":\"https:\/\/ms-gastro.srv.vocento.in\/gsr2025\/ca\/moments-celebra-es-seu-quinze-aniversari-al-mandarin-oriental-barcelona\/#webpage\",\"url\":\"https:\/\/ms-gastro.srv.vocento.in\/gsr2025\/ca\/moments-celebra-es-seu-quinze-aniversari-al-mandarin-oriental-barcelona\/\",\"name\":\"Moments** celebra es seu quinz\u00e8 aniversari al Mandarin Oriental, Barcelona - grup gsr\",\"isPartOf\":{\"@id\":\"https:\/\/www.grupgsr.com\/#website\"},\"primaryImageOfPage\":{\"@id\":\"https:\/\/ms-gastro.srv.vocento.in\/gsr2025\/ca\/moments-celebra-es-seu-quinze-aniversari-al-mandarin-oriental-barcelona\/#primaryimage\"},\"datePublished\":\"2024-10-03T10:13:43+00:00\",\"dateModified\":\"2025-09-12T09:10:36+00:00\",\"author\":{\"@id\":\"https:\/\/www.grupgsr.com\/#\/schema\/person\/6fc6f20675d31fd058d3c1b0a5ca3250\"},\"breadcrumb\":{\"@id\":\"https:\/\/ms-gastro.srv.vocento.in\/gsr2025\/ca\/moments-celebra-es-seu-quinze-aniversari-al-mandarin-oriental-barcelona\/#breadcrumb\"},\"inLanguage\":\"ca-CA\",\"potentialAction\":[{\"@type\":\"ReadAction\",\"target\":[\"https:\/\/ms-gastro.srv.vocento.in\/gsr2025\/ca\/moments-celebra-es-seu-quinze-aniversari-al-mandarin-oriental-barcelona\/\"]}]},{\"@type\":\"BreadcrumbList\",\"@id\":\"https:\/\/ms-gastro.srv.vocento.in\/gsr2025\/ca\/moments-celebra-es-seu-quinze-aniversari-al-mandarin-oriental-barcelona\/#breadcrumb\",\"itemListElement\":[{\"@type\":\"ListItem\",\"position\":1,\"name\":\"Home\",\"item\":\"https:\/\/ms-gastro.srv.vocento.in\/gsr2025\/ca\/\"},{\"@type\":\"ListItem\",\"position\":2,\"name\":\"Moments** celebra es seu quinz\u00e8 aniversari al Mandarin Oriental, Barcelona\"}]},{\"@type\":\"Person\",\"@id\":\"https:\/\/www.grupgsr.com\/#\/schema\/person\/6fc6f20675d31fd058d3c1b0a5ca3250\",\"name\":\"pmendez\",\"url\":\"https:\/\/www.grupgsr.com\/ca\/author\/pmendez\/\"}]}<\/script>\n<!-- \/ Yoast SEO plugin. -->","yoast_head_json":{"title":"Moments** celebra es seu quinz\u00e8 aniversari al Mandarin Oriental, Barcelona - grup gsr","robots":{"index":"index","follow":"follow","max-snippet":"max-snippet:-1","max-image-preview":"max-image-preview:large","max-video-preview":"max-video-preview:-1"},"canonical":"https:\/\/www.grupgsr.com2025\/ca\/moments-celebra-es-seu-quinze-aniversari-al-mandarin-oriental-barcelona\/","og_locale":"en_US","og_type":"article","og_title":"Moments** celebra es seu quinz\u00e8 aniversari al Mandarin Oriental, Barcelona - grup gsr","og_description":"Carme Ruscalleda i Ra\u00fcl Balam celebren els 15 anys de Moments al Mandarin Oriental, Barcelona, amb una proposta culin\u00e0ria excepcional: Els Moments, un men\u00fa d\u2019aniversari especial i ef\u00edmer que reuneix...","og_url":"https:\/\/www.grupgsr.com2025\/ca\/moments-celebra-es-seu-quinze-aniversari-al-mandarin-oriental-barcelona\/","og_site_name":"grup gsr","article_published_time":"2024-10-03T10:13:43+00:00","article_modified_time":"2025-09-12T09:10:36+00:00","og_image":[{"width":1200,"height":900,"url":"https:\/\/www.grupgsr.com\/wp-content\/uploads\/sites\/8\/2025\/09\/Mandarin.jpg","type":"image\/jpeg"}],"twitter_card":"summary_large_image","twitter_misc":{"Written by":"pmendez","Est. reading time":"3 minutes"},"schema":{"@context":"https:\/\/schema.org","@graph":[{"@type":"WebSite","@id":"https:\/\/www.grupgsr.com\/#website","url":"https:\/\/www.grupgsr.com\/","name":"grup gsr","description":"Empresa de organizaci\u00f3n, promoci\u00f3n y comunicaci\u00f3n de la alimentaci\u00f3n, la hosteler\u00eda, la restauraci\u00f3n, la gastronom\u00eda y la enolog\u00eda.","potentialAction":[{"@type":"SearchAction","target":{"@type":"EntryPoint","urlTemplate":"https:\/\/www.grupgsr.com\/?s={search_term_string}"},"query-input":"required name=search_term_string"}],"inLanguage":"ca-CA"},{"@type":"ImageObject","inLanguage":"ca-CA","@id":"https:\/\/ms-gastro.srv.vocento.in\/gsr2025\/ca\/moments-celebra-es-seu-quinze-aniversari-al-mandarin-oriental-barcelona\/#primaryimage","url":"\/wp-content\/uploads\/sites\/8\/2025\/09\/Mandarin.jpg","contentUrl":"\/wp-content\/uploads\/sites\/8\/2025\/09\/Mandarin.jpg","width":1200,"height":900,"caption":"Mandarin Oriental"},{"@type":"WebPage","@id":"https:\/\/ms-gastro.srv.vocento.in\/gsr2025\/ca\/moments-celebra-es-seu-quinze-aniversari-al-mandarin-oriental-barcelona\/#webpage","url":"https:\/\/ms-gastro.srv.vocento.in\/gsr2025\/ca\/moments-celebra-es-seu-quinze-aniversari-al-mandarin-oriental-barcelona\/","name":"Moments** celebra es seu quinz\u00e8 aniversari al Mandarin Oriental, Barcelona - grup gsr","isPartOf":{"@id":"https:\/\/www.grupgsr.com\/#website"},"primaryImageOfPage":{"@id":"https:\/\/ms-gastro.srv.vocento.in\/gsr2025\/ca\/moments-celebra-es-seu-quinze-aniversari-al-mandarin-oriental-barcelona\/#primaryimage"},"datePublished":"2024-10-03T10:13:43+00:00","dateModified":"2025-09-12T09:10:36+00:00","author":{"@id":"https:\/\/www.grupgsr.com\/#\/schema\/person\/6fc6f20675d31fd058d3c1b0a5ca3250"},"breadcrumb":{"@id":"https:\/\/ms-gastro.srv.vocento.in\/gsr2025\/ca\/moments-celebra-es-seu-quinze-aniversari-al-mandarin-oriental-barcelona\/#breadcrumb"},"inLanguage":"ca-CA","potentialAction":[{"@type":"ReadAction","target":["https:\/\/ms-gastro.srv.vocento.in\/gsr2025\/ca\/moments-celebra-es-seu-quinze-aniversari-al-mandarin-oriental-barcelona\/"]}]},{"@type":"BreadcrumbList","@id":"https:\/\/ms-gastro.srv.vocento.in\/gsr2025\/ca\/moments-celebra-es-seu-quinze-aniversari-al-mandarin-oriental-barcelona\/#breadcrumb","itemListElement":[{"@type":"ListItem","position":1,"name":"Home","item":"https:\/\/ms-gastro.srv.vocento.in\/gsr2025\/ca\/"},{"@type":"ListItem","position":2,"name":"Moments** celebra es seu quinz\u00e8 aniversari al Mandarin Oriental, Barcelona"}]},{"@type":"Person","@id":"https:\/\/www.grupgsr.com\/#\/schema\/person\/6fc6f20675d31fd058d3c1b0a5ca3250","name":"pmendez","url":"https:\/\/www.grupgsr.com\/ca\/author\/pmendez\/"}]}},"_links":{"self":[{"href":"https:\/\/www.grupgsr.com\/ca\/wp-json\/wp\/v2\/posts\/10559"}],"collection":[{"href":"https:\/\/www.grupgsr.com\/ca\/wp-json\/wp\/v2\/posts"}],"about":[{"href":"https:\/\/www.grupgsr.com\/ca\/wp-json\/wp\/v2\/types\/post"}],"author":[{"embeddable":true,"href":"https:\/\/www.grupgsr.com\/ca\/wp-json\/wp\/v2\/users\/6343"}],"replies":[{"embeddable":true,"href":"https:\/\/www.grupgsr.com\/ca\/wp-json\/wp\/v2\/comments?post=10559"}],"version-history":[{"count":1,"href":"https:\/\/www.grupgsr.com\/ca\/wp-json\/wp\/v2\/posts\/10559\/revisions"}],"predecessor-version":[{"id":10560,"href":"https:\/\/www.grupgsr.com\/ca\/wp-json\/wp\/v2\/posts\/10559\/revisions\/10560"}],"wp:featuredmedia":[{"embeddable":true,"href":"https:\/\/www.grupgsr.com\/ca\/wp-json\/wp\/v2\/media\/10552"}],"wp:attachment":[{"href":"https:\/\/www.grupgsr.com\/ca\/wp-json\/wp\/v2\/media?parent=10559"}],"wp:term":[{"taxonomy":"category","embeddable":true,"href":"https:\/\/www.grupgsr.com\/ca\/wp-json\/wp\/v2\/categories?post=10559"},{"taxonomy":"post_tag","embeddable":true,"href":"https:\/\/www.grupgsr.com\/ca\/wp-json\/wp\/v2\/tags?post=10559"}],"curies":[{"name":"wp","href":"https:\/\/api.w.org\/{rel}","templated":true}]}}