
{"id":10544,"date":"2023-06-15T09:07:37","date_gmt":"2023-06-15T09:07:37","guid":{"rendered":"https:\/\/ms-gastro.srv.vocento.in\/gsr2025\/?p=10544"},"modified":"2025-09-12T09:08:17","modified_gmt":"2025-09-12T09:08:17","slug":"elbulli-1846-rep-els-seus-primers-visitants-despres-de-lobertura-oficial-al-public","status":"publish","type":"post","link":"https:\/\/www.grupgsr.com\/ca\/elbulli-1846-rep-els-seus-primers-visitants-despres-de-lobertura-oficial-al-public\/","title":{"rendered":"elBulli 1846 rep els seus primers visitants despr\u00e9s de l\u2019obertura oficial al p\u00fablic"},"content":{"rendered":"<p><strong>El 15 de juny de 2023, elBulli1846 va obrir per primera vegada al p\u00fablic a Cala Montjoi, convertint-se en un nou espai de refer\u00e8ncia per a la gastronomia i la innovaci\u00f3.<\/strong><\/p>\n<p>&nbsp;<\/p>\n<p>El museu neix amb el prop\u00f2sit de preservar el llegat d\u2019<strong>elBulli<\/strong>, compartir el coneixement acumulat durant d\u00e8cades i seguir inspirant noves generacions a trav\u00e9s de la creativitat i la recerca.<\/p>\n<p>&nbsp;<\/p>\n<p>L\u2019obertura oficial va estar precedida per una visita molt especial: m\u00e9s de <strong>sis-cents bullinians<\/strong>, antics membres de l\u2019equip del restaurant, van viatjar des de pa\u00efsos com <strong>M\u00e8xic, Vene\u00e7uela, It\u00e0lia, Portugal o B\u00e8lgica<\/strong> per retrobar-se amb l\u2019esperit d\u2019<strong>elBulli<\/strong> i con\u00e8ixer en prim\u00edcia el nou projecte de <strong>Ferran Adri\u00e0<\/strong> i l\u2019<strong>elBullifoundation<\/strong>. Amb aquest acte es va donar inici a la <strong>temporada 2023<\/strong>, que es prolongar\u00e0 fins al 16 de setembre.<\/p>\n<p>&nbsp;<\/p>\n<p>Amb una superf\u00edcie de m\u00e9s de <strong>4.000 m\u00b2 i 69 instal\u00b7lacions art\u00edstiques, conceptuals i audiovisuals<\/strong>, elBulli1846 ofereix un recorregut \u00fanic per la hist\u00f2ria d\u2019un dels restaurants m\u00e9s influents del m\u00f3n. El visitant pot reviure un servei complet al <strong>menjador original<\/strong>, descobrir <strong>28 plats ic\u00f2nics reprodu\u00efts amb detall<\/strong>, endinsar-se a la <strong>cuina on es van gestar les 1.846 elaboracions finals del restaurant<\/strong> o explorar com disciplines com <strong>l\u2019art i els viatges<\/strong>, especialment el de <strong>Ferran Adri\u00e0 al Jap\u00f3<\/strong>, van nodrir la seva capacitat creativa.<\/p>\n<p>&nbsp;<\/p>\n<p>L\u2019espai tamb\u00e9 convida a la reflexi\u00f3 amb preguntes essencials: <em>Qu\u00e8 significa crear? Com va comen\u00e7ar la cuina? Quins processos intervenen en la restauraci\u00f3 gastron\u00f2mica?<\/em> Preguntes que acompanyen un recorregut que no nom\u00e9s mira al passat, sin\u00f3 que es projecta cap al futur amb projectes com elBulliDNA i la Bullipedia, concebuts per seguir alimentant el coneixement i la innovaci\u00f3.<\/p>\n<p>&nbsp;<\/p>\n<p><strong>\u201celBulli1846 permetr\u00e0 comprendre per qu\u00e8 elBulli va ser elBulli, per\u00f2 tamb\u00e9 emocionar-se amb el que aqu\u00ed es va viure\u201d<\/strong>, assenyala <strong>Ferran Adri\u00e0<\/strong>. Una emoci\u00f3 compartida pels primers visitants, que van destacar la fidelitat amb qu\u00e8 s\u2019ha conservat el material hist\u00f2ric i l\u2019oportunitat d\u2019endinsar-se en un lloc m\u00edtic de la gastronomia.<\/p>\n<p>&nbsp;<\/p>\n<p>Concebut com un <strong>espai viu<\/strong>, el museu combina la conservaci\u00f3 de l\u2019edifici hist\u00f2ric de l\u2019antic <strong>elBulliRestaurant<\/strong> amb noves instal\u00b7lacions que s\u2019integren en el paisatge del <strong>Cap de Creus<\/strong>, com la roca que alberga <strong>elBulliDNA<\/strong>. A m\u00e9s, l\u2019espai promou un acc\u00e9s sostenible mitjan\u00e7ant un servei de <strong>minibusos des de Roses<\/strong>, reduint l\u2019impacte mediambiental de les visites.<\/p>\n<p>&nbsp;<\/p>\n<p>Les entrades per visitar el museu estan disponibles a trav\u00e9s del web d\u2019<a href=\"https:\/\/elbullifoundation.com\/\" target=\"_blank\" rel=\"noopener\">elBullifoundation.<\/a><\/p>\n","protected":false},"excerpt":{"rendered":"<p>El 15 de juny de 2023, elBulli1846 va obrir per primera vegada al p\u00fablic a Cala Montjoi, convertint-se en un nou espai de refer\u00e8ncia per a la gastronomia i la&#8230;<\/p>\n","protected":false},"author":6343,"featured_media":10530,"comment_status":"closed","ping_status":"closed","sticky":false,"template":"","format":"standard","meta":[],"categories":[300,233,291,236],"tags":[],"yoast_head":"<!-- This site is optimized with the Yoast SEO plugin v19.0 - https:\/\/yoast.com\/wordpress\/plugins\/seo\/ -->\n<title>elBulli 1846 rep els seus primers visitants despr\u00e9s de l\u2019obertura oficial al p\u00fablic - grup gsr<\/title>\n<meta name=\"robots\" content=\"index, follow, max-snippet:-1, max-image-preview:large, max-video-preview:-1\" \/>\n<link rel=\"canonical\" href=\"https:\/\/www.grupgsr.com2025\/ca\/elbulli-1846-rep-els-seus-primers-visitants-despres-de-lobertura-oficial-al-public\/\" \/>\n<meta property=\"og:locale\" content=\"en_US\" \/>\n<meta property=\"og:type\" content=\"article\" \/>\n<meta property=\"og:title\" content=\"elBulli 1846 rep els seus primers visitants despr\u00e9s de l\u2019obertura oficial al p\u00fablic - grup gsr\" \/>\n<meta property=\"og:description\" content=\"El 15 de juny de 2023, elBulli1846 va obrir per primera vegada al p\u00fablic a Cala Montjoi, convertint-se en un nou espai de refer\u00e8ncia per a la gastronomia i la...\" \/>\n<meta property=\"og:url\" content=\"https:\/\/www.grupgsr.com2025\/ca\/elbulli-1846-rep-els-seus-primers-visitants-despres-de-lobertura-oficial-al-public\/\" \/>\n<meta property=\"og:site_name\" content=\"grup gsr\" \/>\n<meta property=\"article:published_time\" content=\"2023-06-15T09:07:37+00:00\" \/>\n<meta property=\"article:modified_time\" content=\"2025-09-12T09:08:17+00:00\" \/>\n<meta name=\"twitter:card\" content=\"summary_large_image\" \/>\n<meta name=\"twitter:image\" content=\"https:\/\/www.grupgsr.com\/wp-content\/uploads\/sites\/8\/2025\/09\/elBulli_ferran.webp\" \/>\n<meta name=\"twitter:label1\" content=\"Written by\" \/>\n\t<meta name=\"twitter:data1\" content=\"pmendez\" \/>\n\t<meta name=\"twitter:label2\" content=\"Est. reading time\" \/>\n\t<meta name=\"twitter:data2\" content=\"2 minutes\" \/>\n<script type=\"application\/ld+json\" class=\"yoast-schema-graph\">{\"@context\":\"https:\/\/schema.org\",\"@graph\":[{\"@type\":\"WebSite\",\"@id\":\"https:\/\/www.grupgsr.com\/#website\",\"url\":\"https:\/\/www.grupgsr.com\/\",\"name\":\"grup gsr\",\"description\":\"Empresa de organizaci\u00f3n, promoci\u00f3n y comunicaci\u00f3n de la alimentaci\u00f3n, la hosteler\u00eda, la restauraci\u00f3n, la gastronom\u00eda y la enolog\u00eda.\",\"potentialAction\":[{\"@type\":\"SearchAction\",\"target\":{\"@type\":\"EntryPoint\",\"urlTemplate\":\"https:\/\/www.grupgsr.com\/?s={search_term_string}\"},\"query-input\":\"required name=search_term_string\"}],\"inLanguage\":\"ca-CA\"},{\"@type\":\"ImageObject\",\"inLanguage\":\"ca-CA\",\"@id\":\"https:\/\/ms-gastro.srv.vocento.in\/gsr2025\/ca\/elbulli-1846-rep-els-seus-primers-visitants-despres-de-lobertura-oficial-al-public\/#primaryimage\",\"url\":\"\/wp-content\/uploads\/sites\/8\/2025\/09\/elBulli_ferran.webp\",\"contentUrl\":\"\/wp-content\/uploads\/sites\/8\/2025\/09\/elBulli_ferran.webp\",\"width\":2500,\"height\":1671,\"caption\":\"Ferran Adri\u00e0\"},{\"@type\":\"WebPage\",\"@id\":\"https:\/\/ms-gastro.srv.vocento.in\/gsr2025\/ca\/elbulli-1846-rep-els-seus-primers-visitants-despres-de-lobertura-oficial-al-public\/#webpage\",\"url\":\"https:\/\/ms-gastro.srv.vocento.in\/gsr2025\/ca\/elbulli-1846-rep-els-seus-primers-visitants-despres-de-lobertura-oficial-al-public\/\",\"name\":\"elBulli 1846 rep els seus primers visitants despr\u00e9s de l\u2019obertura oficial al p\u00fablic - grup gsr\",\"isPartOf\":{\"@id\":\"https:\/\/www.grupgsr.com\/#website\"},\"primaryImageOfPage\":{\"@id\":\"https:\/\/ms-gastro.srv.vocento.in\/gsr2025\/ca\/elbulli-1846-rep-els-seus-primers-visitants-despres-de-lobertura-oficial-al-public\/#primaryimage\"},\"datePublished\":\"2023-06-15T09:07:37+00:00\",\"dateModified\":\"2025-09-12T09:08:17+00:00\",\"author\":{\"@id\":\"https:\/\/www.grupgsr.com\/#\/schema\/person\/6fc6f20675d31fd058d3c1b0a5ca3250\"},\"breadcrumb\":{\"@id\":\"https:\/\/ms-gastro.srv.vocento.in\/gsr2025\/ca\/elbulli-1846-rep-els-seus-primers-visitants-despres-de-lobertura-oficial-al-public\/#breadcrumb\"},\"inLanguage\":\"ca-CA\",\"potentialAction\":[{\"@type\":\"ReadAction\",\"target\":[\"https:\/\/ms-gastro.srv.vocento.in\/gsr2025\/ca\/elbulli-1846-rep-els-seus-primers-visitants-despres-de-lobertura-oficial-al-public\/\"]}]},{\"@type\":\"BreadcrumbList\",\"@id\":\"https:\/\/ms-gastro.srv.vocento.in\/gsr2025\/ca\/elbulli-1846-rep-els-seus-primers-visitants-despres-de-lobertura-oficial-al-public\/#breadcrumb\",\"itemListElement\":[{\"@type\":\"ListItem\",\"position\":1,\"name\":\"Home\",\"item\":\"https:\/\/ms-gastro.srv.vocento.in\/gsr2025\/ca\/\"},{\"@type\":\"ListItem\",\"position\":2,\"name\":\"elBulli 1846 rep els seus primers visitants despr\u00e9s de l\u2019obertura oficial al p\u00fablic\"}]},{\"@type\":\"Person\",\"@id\":\"https:\/\/www.grupgsr.com\/#\/schema\/person\/6fc6f20675d31fd058d3c1b0a5ca3250\",\"name\":\"pmendez\",\"url\":\"https:\/\/www.grupgsr.com\/ca\/author\/pmendez\/\"}]}<\/script>\n<!-- \/ Yoast SEO plugin. -->","yoast_head_json":{"title":"elBulli 1846 rep els seus primers visitants despr\u00e9s de l\u2019obertura oficial al p\u00fablic - grup gsr","robots":{"index":"index","follow":"follow","max-snippet":"max-snippet:-1","max-image-preview":"max-image-preview:large","max-video-preview":"max-video-preview:-1"},"canonical":"https:\/\/www.grupgsr.com2025\/ca\/elbulli-1846-rep-els-seus-primers-visitants-despres-de-lobertura-oficial-al-public\/","og_locale":"en_US","og_type":"article","og_title":"elBulli 1846 rep els seus primers visitants despr\u00e9s de l\u2019obertura oficial al p\u00fablic - grup gsr","og_description":"El 15 de juny de 2023, elBulli1846 va obrir per primera vegada al p\u00fablic a Cala Montjoi, convertint-se en un nou espai de refer\u00e8ncia per a la gastronomia i la...","og_url":"https:\/\/www.grupgsr.com2025\/ca\/elbulli-1846-rep-els-seus-primers-visitants-despres-de-lobertura-oficial-al-public\/","og_site_name":"grup gsr","article_published_time":"2023-06-15T09:07:37+00:00","article_modified_time":"2025-09-12T09:08:17+00:00","twitter_card":"summary_large_image","twitter_image":"https:\/\/www.grupgsr.com\/wp-content\/uploads\/sites\/8\/2025\/09\/elBulli_ferran.webp","twitter_misc":{"Written by":"pmendez","Est. reading time":"2 minutes"},"schema":{"@context":"https:\/\/schema.org","@graph":[{"@type":"WebSite","@id":"https:\/\/www.grupgsr.com\/#website","url":"https:\/\/www.grupgsr.com\/","name":"grup gsr","description":"Empresa de organizaci\u00f3n, promoci\u00f3n y comunicaci\u00f3n de la alimentaci\u00f3n, la hosteler\u00eda, la restauraci\u00f3n, la gastronom\u00eda y la enolog\u00eda.","potentialAction":[{"@type":"SearchAction","target":{"@type":"EntryPoint","urlTemplate":"https:\/\/www.grupgsr.com\/?s={search_term_string}"},"query-input":"required name=search_term_string"}],"inLanguage":"ca-CA"},{"@type":"ImageObject","inLanguage":"ca-CA","@id":"https:\/\/ms-gastro.srv.vocento.in\/gsr2025\/ca\/elbulli-1846-rep-els-seus-primers-visitants-despres-de-lobertura-oficial-al-public\/#primaryimage","url":"\/wp-content\/uploads\/sites\/8\/2025\/09\/elBulli_ferran.webp","contentUrl":"\/wp-content\/uploads\/sites\/8\/2025\/09\/elBulli_ferran.webp","width":2500,"height":1671,"caption":"Ferran Adri\u00e0"},{"@type":"WebPage","@id":"https:\/\/ms-gastro.srv.vocento.in\/gsr2025\/ca\/elbulli-1846-rep-els-seus-primers-visitants-despres-de-lobertura-oficial-al-public\/#webpage","url":"https:\/\/ms-gastro.srv.vocento.in\/gsr2025\/ca\/elbulli-1846-rep-els-seus-primers-visitants-despres-de-lobertura-oficial-al-public\/","name":"elBulli 1846 rep els seus primers visitants despr\u00e9s de l\u2019obertura oficial al p\u00fablic - grup gsr","isPartOf":{"@id":"https:\/\/www.grupgsr.com\/#website"},"primaryImageOfPage":{"@id":"https:\/\/ms-gastro.srv.vocento.in\/gsr2025\/ca\/elbulli-1846-rep-els-seus-primers-visitants-despres-de-lobertura-oficial-al-public\/#primaryimage"},"datePublished":"2023-06-15T09:07:37+00:00","dateModified":"2025-09-12T09:08:17+00:00","author":{"@id":"https:\/\/www.grupgsr.com\/#\/schema\/person\/6fc6f20675d31fd058d3c1b0a5ca3250"},"breadcrumb":{"@id":"https:\/\/ms-gastro.srv.vocento.in\/gsr2025\/ca\/elbulli-1846-rep-els-seus-primers-visitants-despres-de-lobertura-oficial-al-public\/#breadcrumb"},"inLanguage":"ca-CA","potentialAction":[{"@type":"ReadAction","target":["https:\/\/ms-gastro.srv.vocento.in\/gsr2025\/ca\/elbulli-1846-rep-els-seus-primers-visitants-despres-de-lobertura-oficial-al-public\/"]}]},{"@type":"BreadcrumbList","@id":"https:\/\/ms-gastro.srv.vocento.in\/gsr2025\/ca\/elbulli-1846-rep-els-seus-primers-visitants-despres-de-lobertura-oficial-al-public\/#breadcrumb","itemListElement":[{"@type":"ListItem","position":1,"name":"Home","item":"https:\/\/ms-gastro.srv.vocento.in\/gsr2025\/ca\/"},{"@type":"ListItem","position":2,"name":"elBulli 1846 rep els seus primers visitants despr\u00e9s de l\u2019obertura oficial al p\u00fablic"}]},{"@type":"Person","@id":"https:\/\/www.grupgsr.com\/#\/schema\/person\/6fc6f20675d31fd058d3c1b0a5ca3250","name":"pmendez","url":"https:\/\/www.grupgsr.com\/ca\/author\/pmendez\/"}]}},"_links":{"self":[{"href":"https:\/\/www.grupgsr.com\/ca\/wp-json\/wp\/v2\/posts\/10544"}],"collection":[{"href":"https:\/\/www.grupgsr.com\/ca\/wp-json\/wp\/v2\/posts"}],"about":[{"href":"https:\/\/www.grupgsr.com\/ca\/wp-json\/wp\/v2\/types\/post"}],"author":[{"embeddable":true,"href":"https:\/\/www.grupgsr.com\/ca\/wp-json\/wp\/v2\/users\/6343"}],"replies":[{"embeddable":true,"href":"https:\/\/www.grupgsr.com\/ca\/wp-json\/wp\/v2\/comments?post=10544"}],"version-history":[{"count":1,"href":"https:\/\/www.grupgsr.com\/ca\/wp-json\/wp\/v2\/posts\/10544\/revisions"}],"predecessor-version":[{"id":10545,"href":"https:\/\/www.grupgsr.com\/ca\/wp-json\/wp\/v2\/posts\/10544\/revisions\/10545"}],"wp:featuredmedia":[{"embeddable":true,"href":"https:\/\/www.grupgsr.com\/ca\/wp-json\/wp\/v2\/media\/10530"}],"wp:attachment":[{"href":"https:\/\/www.grupgsr.com\/ca\/wp-json\/wp\/v2\/media?parent=10544"}],"wp:term":[{"taxonomy":"category","embeddable":true,"href":"https:\/\/www.grupgsr.com\/ca\/wp-json\/wp\/v2\/categories?post=10544"},{"taxonomy":"post_tag","embeddable":true,"href":"https:\/\/www.grupgsr.com\/ca\/wp-json\/wp\/v2\/tags?post=10544"}],"curies":[{"name":"wp","href":"https:\/\/api.w.org\/{rel}","templated":true}]}}